{"id":934,"date":"2019-02-12T00:07:17","date_gmt":"2019-02-12T00:07:17","guid":{"rendered":"https:\/\/kiwikerstin.musikundsprachen.de\/?p=934"},"modified":"2019-02-18T08:27:52","modified_gmt":"2019-02-18T08:27:52","slug":"terri-heu-einbringen-fuer-den-winter","status":"publish","type":"post","link":"https:\/\/kiwikerstin.musikundsprachen.de\/?p=934","title":{"rendered":"@Terri &#8211; Heu einbringen f\u00fcr den Winter"},"content":{"rendered":"\n<p>Gestern war es wieder richtig sch\u00f6nes Wetter und Terri fragte Clara und mich, ob wir beim Heueinbringen helfen w\u00fcrden. Clara hatte einen Termin wegen eines Au-pair jobs in Silverstream am Nachmittag, aber ich sagte zu.<\/p>\n\n\n\n<div class=\"wp-block-image\"><figure class=\"alignleft is-resized\"><img loading=\"lazy\" src=\"https:\/\/i1.wp.com\/kiwikerstin.musikundsprachen.de\/wp-content\/uploads\/2019\/02\/20190211_164501-e1549927970825-576x1024.jpg?resize=180%2C320&#038;ssl=1\" alt=\"\" class=\"wp-image-936\" width=\"180\" height=\"320\" srcset=\"https:\/\/i0.wp.com\/kiwikerstin.musikundsprachen.de\/wp-content\/uploads\/2019\/02\/20190211_164501-e1549927970825.jpg?resize=576%2C1024&amp;ssl=1 576w, https:\/\/i0.wp.com\/kiwikerstin.musikundsprachen.de\/wp-content\/uploads\/2019\/02\/20190211_164501-e1549927970825.jpg?resize=169%2C300&amp;ssl=1 169w, https:\/\/i0.wp.com\/kiwikerstin.musikundsprachen.de\/wp-content\/uploads\/2019\/02\/20190211_164501-e1549927970825.jpg?resize=768%2C1365&amp;ssl=1 768w, https:\/\/i0.wp.com\/kiwikerstin.musikundsprachen.de\/wp-content\/uploads\/2019\/02\/20190211_164501-e1549927970825.jpg?w=1620&amp;ssl=1 1620w\" sizes=\"(max-width: 180px) 100vw, 180px\" data-recalc-dims=\"1\" \/><figcaption>Terri klettert \u00fcber den Zaun <\/figcaption><\/figure><\/div>\n\n\n\n<p>Terri, Clara\u00b4s Gastmutter, was f\u00fcr eine beeindruckende \u00e4ltere Dame. Wie man auf dem Bild sehen kann, klettert sie t\u00e4glich \u00fcber diesen Zaun, um zu Ihrem Pferd &#8220;Raider&#8221; zu gelangen. Dieses Pferd ist bereits 31 Jahre alt&#8230;<\/p>\n\n\n\n<div class=\"wp-block-image\"><figure class=\"alignright is-resized\"><img loading=\"lazy\" src=\"https:\/\/i1.wp.com\/kiwikerstin.musikundsprachen.de\/wp-content\/uploads\/2019\/02\/20190211_165106-e1549928425393-576x1024.jpg?resize=196%2C348&#038;ssl=1\" alt=\"\" class=\"wp-image-937\" width=\"196\" height=\"348\" srcset=\"https:\/\/i2.wp.com\/kiwikerstin.musikundsprachen.de\/wp-content\/uploads\/2019\/02\/20190211_165106-e1549928425393.jpg?resize=576%2C1024&amp;ssl=1 576w, https:\/\/i2.wp.com\/kiwikerstin.musikundsprachen.de\/wp-content\/uploads\/2019\/02\/20190211_165106-e1549928425393.jpg?resize=169%2C300&amp;ssl=1 169w, https:\/\/i2.wp.com\/kiwikerstin.musikundsprachen.de\/wp-content\/uploads\/2019\/02\/20190211_165106-e1549928425393.jpg?resize=768%2C1365&amp;ssl=1 768w, https:\/\/i2.wp.com\/kiwikerstin.musikundsprachen.de\/wp-content\/uploads\/2019\/02\/20190211_165106-e1549928425393.jpg?w=1620&amp;ssl=1 1620w\" sizes=\"(max-width: 196px) 100vw, 196px\" data-recalc-dims=\"1\" \/><figcaption>v. l. n. r. Daisy, Terri and Raider<\/figcaption><\/figure><\/div>\n\n\n\n<p>Nachdem Terri ihr Pferd gef\u00fcttert hatte, hat sie mir noch Ihr &#8220;Schwimmbad&#8221; im Fluss gezeigt, damit ich mich sp\u00e4ter abk\u00fchlen k\u00f6nnte.<\/p>\n\n\n\n<figure class=\"wp-block-image is-resized\"><img loading=\"lazy\" src=\"https:\/\/i0.wp.com\/kiwikerstin.musikundsprachen.de\/wp-content\/uploads\/2019\/02\/20190211_170347.jpg?resize=330%2C248&#038;ssl=1\" alt=\"\" class=\"wp-image-938\" width=\"330\" height=\"248\" srcset=\"https:\/\/i0.wp.com\/kiwikerstin.musikundsprachen.de\/wp-content\/uploads\/2019\/02\/20190211_170347.jpg?resize=1024%2C768&amp;ssl=1 1024w, https:\/\/i0.wp.com\/kiwikerstin.musikundsprachen.de\/wp-content\/uploads\/2019\/02\/20190211_170347.jpg?resize=300%2C225&amp;ssl=1 300w, https:\/\/i0.wp.com\/kiwikerstin.musikundsprachen.de\/wp-content\/uploads\/2019\/02\/20190211_170347.jpg?resize=768%2C576&amp;ssl=1 768w, https:\/\/i0.wp.com\/kiwikerstin.musikundsprachen.de\/wp-content\/uploads\/2019\/02\/20190211_170347.jpg?resize=880%2C660&amp;ssl=1 880w, https:\/\/i0.wp.com\/kiwikerstin.musikundsprachen.de\/wp-content\/uploads\/2019\/02\/20190211_170347.jpg?w=1620&amp;ssl=1 1620w, https:\/\/i0.wp.com\/kiwikerstin.musikundsprachen.de\/wp-content\/uploads\/2019\/02\/20190211_170347.jpg?w=2430&amp;ssl=1 2430w\" sizes=\"(max-width: 330px) 100vw, 330px\" data-recalc-dims=\"1\" \/><figcaption>die Badem\u00f6gichkeit im Hutt-River<\/figcaption><\/figure>\n\n\n\n<p>Danach kamen auch schon die &#8220;Trucks&#8221; und alle flei\u00dfgen Helfer:<\/p>\n\n\n\n<figure class=\"wp-block-image is-resized\"><img loading=\"lazy\" src=\"https:\/\/i2.wp.com\/kiwikerstin.musikundsprachen.de\/wp-content\/uploads\/2019\/02\/20190211_165538.jpg?resize=584%2C328&#038;ssl=1\" alt=\"\" class=\"wp-image-939\" width=\"584\" height=\"328\" srcset=\"https:\/\/i2.wp.com\/kiwikerstin.musikundsprachen.de\/wp-content\/uploads\/2019\/02\/20190211_165538.jpg?resize=1024%2C576&amp;ssl=1 1024w, https:\/\/i2.wp.com\/kiwikerstin.musikundsprachen.de\/wp-content\/uploads\/2019\/02\/20190211_165538.jpg?resize=300%2C169&amp;ssl=1 300w, https:\/\/i2.wp.com\/kiwikerstin.musikundsprachen.de\/wp-content\/uploads\/2019\/02\/20190211_165538.jpg?resize=768%2C432&amp;ssl=1 768w, https:\/\/i2.wp.com\/kiwikerstin.musikundsprachen.de\/wp-content\/uploads\/2019\/02\/20190211_165538.jpg?w=1620&amp;ssl=1 1620w, https:\/\/i2.wp.com\/kiwikerstin.musikundsprachen.de\/wp-content\/uploads\/2019\/02\/20190211_165538.jpg?w=2430&amp;ssl=1 2430w\" sizes=\"(max-width: 584px) 100vw, 584px\" data-recalc-dims=\"1\" \/><figcaption>Das Heufeld vorher<br><\/figcaption><\/figure>\n\n\n\n<p>Dort, wo Terri\u00b4s Pferd untergebracht ist, gibt es auch eine Schafherde, f\u00fcr die das Heu bestimmt ist.<\/p>\n\n\n\n<figure class=\"wp-block-image is-resized\"><img loading=\"lazy\" src=\"https:\/\/i1.wp.com\/kiwikerstin.musikundsprachen.de\/wp-content\/uploads\/2019\/02\/20190211_173007.jpg?resize=568%2C318&#038;ssl=1\" alt=\"\" class=\"wp-image-940\" width=\"568\" height=\"318\" srcset=\"https:\/\/i1.wp.com\/kiwikerstin.musikundsprachen.de\/wp-content\/uploads\/2019\/02\/20190211_173007.jpg?resize=300%2C169&amp;ssl=1 300w, https:\/\/i1.wp.com\/kiwikerstin.musikundsprachen.de\/wp-content\/uploads\/2019\/02\/20190211_173007.jpg?zoom=2&amp;resize=568%2C318&amp;ssl=1 1136w, https:\/\/i1.wp.com\/kiwikerstin.musikundsprachen.de\/wp-content\/uploads\/2019\/02\/20190211_173007.jpg?zoom=3&amp;resize=568%2C318&amp;ssl=1 1704w\" sizes=\"(max-width: 568px) 100vw, 568px\" data-recalc-dims=\"1\" \/><figcaption>Die M\u00e4nner beim Heueinfahren<\/figcaption><\/figure>\n\n\n\n<p>Terri, einer der M\u00e4nner, Sue und ich, haben das lose Heu aufgesammelt, das liegen geblieben war und in S\u00e4cke gepackt. So kommt nichts um&#8230;<\/p>\n\n\n\n<figure class=\"wp-block-image is-resized\"><img loading=\"lazy\" src=\"https:\/\/i1.wp.com\/kiwikerstin.musikundsprachen.de\/wp-content\/uploads\/2019\/02\/20190211_175656.jpg?resize=558%2C313&#038;ssl=1\" alt=\"\" class=\"wp-image-941\" width=\"558\" height=\"313\" srcset=\"https:\/\/i1.wp.com\/kiwikerstin.musikundsprachen.de\/wp-content\/uploads\/2019\/02\/20190211_175656.jpg?resize=1024%2C576&amp;ssl=1 1024w, https:\/\/i1.wp.com\/kiwikerstin.musikundsprachen.de\/wp-content\/uploads\/2019\/02\/20190211_175656.jpg?resize=300%2C169&amp;ssl=1 300w, https:\/\/i1.wp.com\/kiwikerstin.musikundsprachen.de\/wp-content\/uploads\/2019\/02\/20190211_175656.jpg?resize=768%2C432&amp;ssl=1 768w, https:\/\/i1.wp.com\/kiwikerstin.musikundsprachen.de\/wp-content\/uploads\/2019\/02\/20190211_175656.jpg?w=1620&amp;ssl=1 1620w, https:\/\/i1.wp.com\/kiwikerstin.musikundsprachen.de\/wp-content\/uploads\/2019\/02\/20190211_175656.jpg?w=2430&amp;ssl=1 2430w\" sizes=\"(max-width: 558px) 100vw, 558px\" data-recalc-dims=\"1\" \/><figcaption>beim Heu aufsammeln<\/figcaption><\/figure>\n\n\n\n<p>Alle waren froh, dass das Heu eingebracht war, es regnete am n\u00e4chsten Morgen&#8230;<br>Ich freue mich, dass Terri mich zu diesem abwechslungsreichen Abenteuer <msreadoutspan class=\"msreadout-line-highlight msreadout-inactive-highlight\">einmal mitgenommen hat. Es hat Spa\u00df gemacht und es war auch in der Sonne nicht allzu hei\u00df; da ein leichte Brise wehte&#8230;<\/msreadoutspan><\/p>\n\n\n\n<figure class=\"wp-block-image is-resized\"><img loading=\"lazy\" src=\"https:\/\/i1.wp.com\/kiwikerstin.musikundsprachen.de\/wp-content\/uploads\/2019\/02\/20190211_181424.jpg?resize=570%2C320&#038;ssl=1\" alt=\"\" class=\"wp-image-942\" width=\"570\" height=\"320\" srcset=\"https:\/\/i1.wp.com\/kiwikerstin.musikundsprachen.de\/wp-content\/uploads\/2019\/02\/20190211_181424.jpg?resize=1024%2C576&amp;ssl=1 1024w, https:\/\/i1.wp.com\/kiwikerstin.musikundsprachen.de\/wp-content\/uploads\/2019\/02\/20190211_181424.jpg?resize=300%2C169&amp;ssl=1 300w, https:\/\/i1.wp.com\/kiwikerstin.musikundsprachen.de\/wp-content\/uploads\/2019\/02\/20190211_181424.jpg?resize=768%2C432&amp;ssl=1 768w, https:\/\/i1.wp.com\/kiwikerstin.musikundsprachen.de\/wp-content\/uploads\/2019\/02\/20190211_181424.jpg?w=1620&amp;ssl=1 1620w, https:\/\/i1.wp.com\/kiwikerstin.musikundsprachen.de\/wp-content\/uploads\/2019\/02\/20190211_181424.jpg?w=2430&amp;ssl=1 2430w\" sizes=\"(max-width: 570px) 100vw, 570px\" data-recalc-dims=\"1\" \/><figcaption>Das Heufeld nachher<\/figcaption><\/figure>\n\n\n\n<p>Das Sch\u00f6nste war dann das Picknick nach getaner Arbeit. Jeder hatte etwas dazu beigetragen. Terri nahm Zucchinibratlinge mit und ich machte am Nachmittag noch einen Linsensalat, den Terri und Anastasia (Clara\u00b4s Freundin in D) so sehr mag. Sue und Tom hatten Kartoffeln, gr\u00fcnen Salat und gekochtes Fleisch vorbereitet.<br><\/p>\n\n\n\n<figure class=\"wp-block-image is-resized\"><img loading=\"lazy\" src=\"https:\/\/i1.wp.com\/kiwikerstin.musikundsprachen.de\/wp-content\/uploads\/2019\/02\/20190211_194210.jpg?resize=585%2C329&#038;ssl=1\" alt=\"\" class=\"wp-image-943\" width=\"585\" height=\"329\" srcset=\"https:\/\/i1.wp.com\/kiwikerstin.musikundsprachen.de\/wp-content\/uploads\/2019\/02\/20190211_194210.jpg?resize=1024%2C576&amp;ssl=1 1024w, https:\/\/i1.wp.com\/kiwikerstin.musikundsprachen.de\/wp-content\/uploads\/2019\/02\/20190211_194210.jpg?resize=300%2C169&amp;ssl=1 300w, https:\/\/i1.wp.com\/kiwikerstin.musikundsprachen.de\/wp-content\/uploads\/2019\/02\/20190211_194210.jpg?resize=768%2C432&amp;ssl=1 768w, https:\/\/i1.wp.com\/kiwikerstin.musikundsprachen.de\/wp-content\/uploads\/2019\/02\/20190211_194210.jpg?w=1620&amp;ssl=1 1620w, https:\/\/i1.wp.com\/kiwikerstin.musikundsprachen.de\/wp-content\/uploads\/2019\/02\/20190211_194210.jpg?w=2430&amp;ssl=1 2430w\" sizes=\"(max-width: 585px) 100vw, 585px\" data-recalc-dims=\"1\" \/><figcaption>auf der Pferdekoppel &#8211; wieder so ein toller Platz inmitten sch\u00f6nster Natur&#8230;<\/figcaption><\/figure>\n\n\n\n<div class=\"wp-block-image\"><figure class=\"alignleft is-resized\"><img loading=\"lazy\" src=\"https:\/\/i1.wp.com\/kiwikerstin.musikundsprachen.de\/wp-content\/uploads\/2019\/02\/20190211_165140-1-e1549929503131-576x1024.jpg?resize=212%2C377&#038;ssl=1\" alt=\"\" class=\"wp-image-945\" width=\"212\" height=\"377\" srcset=\"https:\/\/i0.wp.com\/kiwikerstin.musikundsprachen.de\/wp-content\/uploads\/2019\/02\/20190211_165140-1-e1549929503131.jpg?resize=576%2C1024&amp;ssl=1 576w, https:\/\/i0.wp.com\/kiwikerstin.musikundsprachen.de\/wp-content\/uploads\/2019\/02\/20190211_165140-1-e1549929503131.jpg?resize=169%2C300&amp;ssl=1 169w, https:\/\/i0.wp.com\/kiwikerstin.musikundsprachen.de\/wp-content\/uploads\/2019\/02\/20190211_165140-1-e1549929503131.jpg?resize=768%2C1365&amp;ssl=1 768w, https:\/\/i0.wp.com\/kiwikerstin.musikundsprachen.de\/wp-content\/uploads\/2019\/02\/20190211_165140-1-e1549929503131.jpg?w=1620&amp;ssl=1 1620w\" sizes=\"(max-width: 212px) 100vw, 212px\" data-recalc-dims=\"1\" \/><figcaption>Raider<\/figcaption><\/figure><\/div>\n\n\n\n<p>Schwimmen mochte ich dann doch nicht mehr, da es im Schatten relativ k\u00fchl wurde und ich auch keine Jacke mitgenommen hatte. Aber Sue war so lieb und gab mir eine&#8230;<\/p>\n","protected":false},"excerpt":{"rendered":"<p>Gestern war es wieder richtig sch\u00f6nes Wetter und Terri fragte Clara und mich, ob wir beim Heueinbringen helfen w\u00fcrden. Clara<\/p>\n","protected":false},"author":1,"featured_media":935,"comment_status":"open","ping_status":"open","sticky":false,"template":"","format":"standard","meta":{"spay_email":"","jetpack_publicize_message":"","jetpack_is_tweetstorm":false},"categories":[6,29,7,9,26,8],"tags":[27],"jetpack_featured_media_url":"https:\/\/i0.wp.com\/kiwikerstin.musikundsprachen.de\/wp-content\/uploads\/2019\/02\/20190211_172714.jpg?fit=4128%2C2322&ssl=1","jetpack_publicize_connections":[],"jetpack_sharing_enabled":true,"jetpack_shortlink":"https:\/\/wp.me\/paGcX1-f4","jetpack_likes_enabled":true,"amp_validity":null,"amp_enabled":true,"_links":{"self":[{"href":"https:\/\/kiwikerstin.musikundsprachen.de\/index.php?rest_route=\/wp\/v2\/posts\/934"}],"collection":[{"href":"https:\/\/kiwikerstin.musikundsprachen.de\/index.php?rest_route=\/wp\/v2\/posts"}],"about":[{"href":"https:\/\/kiwikerstin.musikundsprachen.de\/index.php?rest_route=\/wp\/v2\/types\/post"}],"author":[{"embeddable":true,"href":"https:\/\/kiwikerstin.musikundsprachen.de\/index.php?rest_route=\/wp\/v2\/users\/1"}],"replies":[{"embeddable":true,"href":"https:\/\/kiwikerstin.musikundsprachen.de\/index.php?rest_route=%2Fwp%2Fv2%2Fcomments&post=934"}],"version-history":[{"count":7,"href":"https:\/\/kiwikerstin.musikundsprachen.de\/index.php?rest_route=\/wp\/v2\/posts\/934\/revisions"}],"predecessor-version":[{"id":981,"href":"https:\/\/kiwikerstin.musikundsprachen.de\/index.php?rest_route=\/wp\/v2\/posts\/934\/revisions\/981"}],"wp:featuredmedia":[{"embeddable":true,"href":"https:\/\/kiwikerstin.musikundsprachen.de\/index.php?rest_route=\/wp\/v2\/media\/935"}],"wp:attachment":[{"href":"https:\/\/kiwikerstin.musikundsprachen.de\/index.php?rest_route=%2Fwp%2Fv2%2Fmedia&parent=934"}],"wp:term":[{"taxonomy":"category","embeddable":true,"href":"https:\/\/kiwikerstin.musikundsprachen.de\/index.php?rest_route=%2Fwp%2Fv2%2Fcategories&post=934"},{"taxonomy":"post_tag","embeddable":true,"href":"https:\/\/kiwikerstin.musikundsprachen.de\/index.php?rest_route=%2Fwp%2Fv2%2Ftags&post=934"}],"curies":[{"name":"wp","href":"https:\/\/api.w.org\/{rel}","templated":true}]}}