{"id":1318,"date":"2019-03-01T09:48:02","date_gmt":"2019-03-01T09:48:02","guid":{"rendered":"https:\/\/kiwikerstin.musikundsprachen.de\/?p=1318"},"modified":"2019-03-11T07:44:22","modified_gmt":"2019-03-11T07:44:22","slug":"hospitation-am-upper-hutt-college","status":"publish","type":"post","link":"https:\/\/kiwikerstin.musikundsprachen.de\/?p=1318","title":{"rendered":"Hospitation am Upper Hutt College"},"content":{"rendered":"\n<p>Am Montag hatte ich die M\u00f6glichkeit in einigen F\u00e4chern am Upper Hutt College einmal zu hospitieren. Aber erst noch ein paar Impressionen vom Schulbesuch am Freitag &#8211; der erste Tag Regen nach monatelanger Trockenheit.<\/p>\n\n\n\n<figure class=\"wp-block-image is-resized\"><img loading=\"lazy\" src=\"https:\/\/i2.wp.com\/kiwikerstin.musikundsprachen.de\/wp-content\/uploads\/2019\/03\/20190222_123427.jpg?fit=810%2C456&amp;ssl=1\" alt=\"\" class=\"wp-image-1320\" width=\"575\" height=\"323\" srcset=\"https:\/\/i2.wp.com\/kiwikerstin.musikundsprachen.de\/wp-content\/uploads\/2019\/03\/20190222_123427.jpg?w=4128&amp;ssl=1 4128w, https:\/\/i2.wp.com\/kiwikerstin.musikundsprachen.de\/wp-content\/uploads\/2019\/03\/20190222_123427.jpg?resize=300%2C169&amp;ssl=1 300w, https:\/\/i2.wp.com\/kiwikerstin.musikundsprachen.de\/wp-content\/uploads\/2019\/03\/20190222_123427.jpg?resize=768%2C432&amp;ssl=1 768w, https:\/\/i2.wp.com\/kiwikerstin.musikundsprachen.de\/wp-content\/uploads\/2019\/03\/20190222_123427.jpg?resize=1024%2C576&amp;ssl=1 1024w, https:\/\/i2.wp.com\/kiwikerstin.musikundsprachen.de\/wp-content\/uploads\/2019\/03\/20190222_123427.jpg?w=1620&amp;ssl=1 1620w, https:\/\/i2.wp.com\/kiwikerstin.musikundsprachen.de\/wp-content\/uploads\/2019\/03\/20190222_123427.jpg?w=2430&amp;ssl=1 2430w\" sizes=\"(max-width: 575px) 100vw, 575px\" \/><figcaption>Clara im Gespr\u00e4ch mit Marion und Nina von Study Nelson bzgl. F\u00e4cherwahl und NCEA<\/figcaption><\/figure>\n\n\n\n<p>Das Upper Hutt College zeichnet sich durch excellente schulische F\u00f6rderung aus, weshalb Study Nelson diese Schule insbesondere beim NCEA-Abschluss empfiehlt. Mit Greg Much und Belinda hat diese Schule die besten Ansprechpartner in Sachen passende F\u00e4cherwahl und Gastfamilien. Greg Much kennt beide Schulsysteme und gibt gute Empfehlungen auch in Bezug auf die erreichten und noch zu erreichenden Credits\u2026 Unsere Marion hier im Bild beh\u00e4lt auch immer ein Auge auf die F\u00e4cher und ber\u00e4t sich mit den International Directors&#8230;<\/p>\n\n\n\n<figure class=\"wp-block-image is-resized\"><img loading=\"lazy\" src=\"https:\/\/i0.wp.com\/kiwikerstin.musikundsprachen.de\/wp-content\/uploads\/2019\/03\/20190222_125909.jpg?fit=810%2C456&amp;ssl=1\" alt=\"\" class=\"wp-image-1321\" width=\"584\" height=\"329\" srcset=\"https:\/\/i2.wp.com\/kiwikerstin.musikundsprachen.de\/wp-content\/uploads\/2019\/03\/20190222_125909.jpg?w=4128&amp;ssl=1 4128w, https:\/\/i2.wp.com\/kiwikerstin.musikundsprachen.de\/wp-content\/uploads\/2019\/03\/20190222_125909.jpg?resize=300%2C169&amp;ssl=1 300w, https:\/\/i2.wp.com\/kiwikerstin.musikundsprachen.de\/wp-content\/uploads\/2019\/03\/20190222_125909.jpg?resize=768%2C432&amp;ssl=1 768w, https:\/\/i2.wp.com\/kiwikerstin.musikundsprachen.de\/wp-content\/uploads\/2019\/03\/20190222_125909.jpg?resize=1024%2C576&amp;ssl=1 1024w, https:\/\/i2.wp.com\/kiwikerstin.musikundsprachen.de\/wp-content\/uploads\/2019\/03\/20190222_125909.jpg?w=1620&amp;ssl=1 1620w, https:\/\/i2.wp.com\/kiwikerstin.musikundsprachen.de\/wp-content\/uploads\/2019\/03\/20190222_125909.jpg?w=2430&amp;ssl=1 2430w\" sizes=\"(max-width: 584px) 100vw, 584px\" \/><figcaption>Sportunterricht am Upper Hutt College<\/figcaption><\/figure>\n\n\n\n<figure class=\"wp-block-image is-resized\"><img loading=\"lazy\" src=\"https:\/\/i1.wp.com\/kiwikerstin.musikundsprachen.de\/wp-content\/uploads\/2019\/03\/20190222_130347.jpg?fit=810%2C608&amp;ssl=1\" alt=\"\" class=\"wp-image-1322\" width=\"588\" height=\"441\" srcset=\"https:\/\/i1.wp.com\/kiwikerstin.musikundsprachen.de\/wp-content\/uploads\/2019\/03\/20190222_130347.jpg?w=4128&amp;ssl=1 4128w, https:\/\/i1.wp.com\/kiwikerstin.musikundsprachen.de\/wp-content\/uploads\/2019\/03\/20190222_130347.jpg?resize=300%2C225&amp;ssl=1 300w, https:\/\/i1.wp.com\/kiwikerstin.musikundsprachen.de\/wp-content\/uploads\/2019\/03\/20190222_130347.jpg?resize=768%2C576&amp;ssl=1 768w, https:\/\/i1.wp.com\/kiwikerstin.musikundsprachen.de\/wp-content\/uploads\/2019\/03\/20190222_130347.jpg?resize=1024%2C768&amp;ssl=1 1024w, https:\/\/i1.wp.com\/kiwikerstin.musikundsprachen.de\/wp-content\/uploads\/2019\/03\/20190222_130347.jpg?resize=880%2C660&amp;ssl=1 880w, https:\/\/i1.wp.com\/kiwikerstin.musikundsprachen.de\/wp-content\/uploads\/2019\/03\/20190222_130347.jpg?w=1620&amp;ssl=1 1620w, https:\/\/i1.wp.com\/kiwikerstin.musikundsprachen.de\/wp-content\/uploads\/2019\/03\/20190222_130347.jpg?w=2430&amp;ssl=1 2430w\" sizes=\"(max-width: 588px) 100vw, 588px\" \/><figcaption>die schuleigene Bibliothek<\/figcaption><\/figure>\n\n\n\n<p>Es ist m\u00f6glich Instrumentalunterricht auch in der Mittagspause zu erhalten. Bitte das gew\u00fcnschte Instrument anfragen. <\/p>\n\n\n\n<figure class=\"wp-block-image is-resized\"><img loading=\"lazy\" src=\"https:\/\/i1.wp.com\/kiwikerstin.musikundsprachen.de\/wp-content\/uploads\/2019\/03\/20190222_131027.jpg?fit=810%2C456&amp;ssl=1\" alt=\"\" class=\"wp-image-1324\" width=\"583\" height=\"328\" srcset=\"https:\/\/i2.wp.com\/kiwikerstin.musikundsprachen.de\/wp-content\/uploads\/2019\/03\/20190222_131027.jpg?w=4128&amp;ssl=1 4128w, https:\/\/i2.wp.com\/kiwikerstin.musikundsprachen.de\/wp-content\/uploads\/2019\/03\/20190222_131027.jpg?resize=300%2C169&amp;ssl=1 300w, https:\/\/i2.wp.com\/kiwikerstin.musikundsprachen.de\/wp-content\/uploads\/2019\/03\/20190222_131027.jpg?resize=768%2C432&amp;ssl=1 768w, https:\/\/i2.wp.com\/kiwikerstin.musikundsprachen.de\/wp-content\/uploads\/2019\/03\/20190222_131027.jpg?resize=1024%2C576&amp;ssl=1 1024w, https:\/\/i2.wp.com\/kiwikerstin.musikundsprachen.de\/wp-content\/uploads\/2019\/03\/20190222_131027.jpg?w=1620&amp;ssl=1 1620w, https:\/\/i2.wp.com\/kiwikerstin.musikundsprachen.de\/wp-content\/uploads\/2019\/03\/20190222_131027.jpg?w=2430&amp;ssl=1 2430w\" sizes=\"(max-width: 583px) 100vw, 583px\" \/><figcaption>Musikraum<\/figcaption><\/figure>\n\n\n\n<p>Das Upper Hutt College hat auch Outdoor Education im Programm. Soll eine bestimmte Sportart fortgef\u00fchrt werden, bitte anfragen oder nachschauen unter: https:\/\/www.studynelson.com\/upper_hutt_schule_neuseeland.htm<\/p>\n\n\n\n<figure class=\"wp-block-image is-resized\"><img loading=\"lazy\" src=\"https:\/\/i1.wp.com\/kiwikerstin.musikundsprachen.de\/wp-content\/uploads\/2019\/03\/20190222_131408.jpg?fit=810%2C456&amp;ssl=1\" alt=\"\" class=\"wp-image-1327\" width=\"588\" height=\"330\" srcset=\"https:\/\/i0.wp.com\/kiwikerstin.musikundsprachen.de\/wp-content\/uploads\/2019\/03\/20190222_131408.jpg?w=4128&amp;ssl=1 4128w, https:\/\/i0.wp.com\/kiwikerstin.musikundsprachen.de\/wp-content\/uploads\/2019\/03\/20190222_131408.jpg?resize=300%2C169&amp;ssl=1 300w, https:\/\/i0.wp.com\/kiwikerstin.musikundsprachen.de\/wp-content\/uploads\/2019\/03\/20190222_131408.jpg?resize=768%2C432&amp;ssl=1 768w, https:\/\/i0.wp.com\/kiwikerstin.musikundsprachen.de\/wp-content\/uploads\/2019\/03\/20190222_131408.jpg?resize=1024%2C576&amp;ssl=1 1024w, https:\/\/i0.wp.com\/kiwikerstin.musikundsprachen.de\/wp-content\/uploads\/2019\/03\/20190222_131408.jpg?w=1620&amp;ssl=1 1620w, https:\/\/i0.wp.com\/kiwikerstin.musikundsprachen.de\/wp-content\/uploads\/2019\/03\/20190222_131408.jpg?w=2430&amp;ssl=1 2430w\" sizes=\"(max-width: 588px) 100vw, 588px\" \/><figcaption>abtrennbarer Klassenraum &#8211; offene R\u00e4ume<\/figcaption><\/figure>\n\n\n\n<figure class=\"wp-block-image is-resized\"><img loading=\"lazy\" src=\"https:\/\/i1.wp.com\/kiwikerstin.musikundsprachen.de\/wp-content\/uploads\/2019\/03\/20190222_143902.jpg?fit=810%2C456&amp;ssl=1\" alt=\"\" class=\"wp-image-1329\" width=\"583\" height=\"328\" srcset=\"https:\/\/i2.wp.com\/kiwikerstin.musikundsprachen.de\/wp-content\/uploads\/2019\/03\/20190222_143902.jpg?w=4128&amp;ssl=1 4128w, https:\/\/i2.wp.com\/kiwikerstin.musikundsprachen.de\/wp-content\/uploads\/2019\/03\/20190222_143902.jpg?resize=300%2C169&amp;ssl=1 300w, https:\/\/i2.wp.com\/kiwikerstin.musikundsprachen.de\/wp-content\/uploads\/2019\/03\/20190222_143902.jpg?resize=768%2C432&amp;ssl=1 768w, https:\/\/i2.wp.com\/kiwikerstin.musikundsprachen.de\/wp-content\/uploads\/2019\/03\/20190222_143902.jpg?resize=1024%2C576&amp;ssl=1 1024w, https:\/\/i2.wp.com\/kiwikerstin.musikundsprachen.de\/wp-content\/uploads\/2019\/03\/20190222_143902.jpg?w=1620&amp;ssl=1 1620w, https:\/\/i2.wp.com\/kiwikerstin.musikundsprachen.de\/wp-content\/uploads\/2019\/03\/20190222_143902.jpg?w=2430&amp;ssl=1 2430w\" sizes=\"(max-width: 583px) 100vw, 583px\" \/><figcaption>Clara\u00b4s Kunstunterricht v. l. n. r. Israel, xxx, Meddi, Clara, xxx, xxx, Robert<\/figcaption><\/figure>\n\n\n\n<figure class=\"wp-block-image\"><img loading=\"lazy\" width=\"4128\" height=\"2322\" src=\"https:\/\/i1.wp.com\/kiwikerstin.musikundsprachen.de\/wp-content\/uploads\/2019\/03\/20190222_140246.jpg?fit=810%2C456&amp;ssl=1\" alt=\"\" class=\"wp-image-1328\" srcset=\"https:\/\/i1.wp.com\/kiwikerstin.musikundsprachen.de\/wp-content\/uploads\/2019\/03\/20190222_140246.jpg?w=4128&amp;ssl=1 4128w, https:\/\/i1.wp.com\/kiwikerstin.musikundsprachen.de\/wp-content\/uploads\/2019\/03\/20190222_140246.jpg?resize=300%2C169&amp;ssl=1 300w, https:\/\/i1.wp.com\/kiwikerstin.musikundsprachen.de\/wp-content\/uploads\/2019\/03\/20190222_140246.jpg?resize=768%2C432&amp;ssl=1 768w, https:\/\/i1.wp.com\/kiwikerstin.musikundsprachen.de\/wp-content\/uploads\/2019\/03\/20190222_140246.jpg?resize=1024%2C576&amp;ssl=1 1024w, https:\/\/i1.wp.com\/kiwikerstin.musikundsprachen.de\/wp-content\/uploads\/2019\/03\/20190222_140246.jpg?w=1620&amp;ssl=1 1620w, https:\/\/i1.wp.com\/kiwikerstin.musikundsprachen.de\/wp-content\/uploads\/2019\/03\/20190222_140246.jpg?w=2430&amp;ssl=1 2430w\" sizes=\"(max-width: 810px) 100vw, 810px\" \/><figcaption>unsere deutschen Sch\u00fcler, das Study Nelson Team, Stellvertretende Direktoren 2. v. r. und Belinda v. r. <\/figcaption><\/figure>\n\n\n\n<p><strong>Hospitation: <\/strong><\/p>\n\n\n\n<figure class=\"wp-block-image is-resized\"><img loading=\"lazy\" src=\"https:\/\/i2.wp.com\/kiwikerstin.musikundsprachen.de\/wp-content\/uploads\/2019\/03\/20190225_084916.jpg?fit=810%2C456&amp;ssl=1\" alt=\"\" class=\"wp-image-1331\" width=\"583\" height=\"328\" srcset=\"https:\/\/i2.wp.com\/kiwikerstin.musikundsprachen.de\/wp-content\/uploads\/2019\/03\/20190225_084916.jpg?w=4128&amp;ssl=1 4128w, https:\/\/i2.wp.com\/kiwikerstin.musikundsprachen.de\/wp-content\/uploads\/2019\/03\/20190225_084916.jpg?resize=300%2C169&amp;ssl=1 300w, https:\/\/i2.wp.com\/kiwikerstin.musikundsprachen.de\/wp-content\/uploads\/2019\/03\/20190225_084916.jpg?resize=768%2C432&amp;ssl=1 768w, https:\/\/i2.wp.com\/kiwikerstin.musikundsprachen.de\/wp-content\/uploads\/2019\/03\/20190225_084916.jpg?resize=1024%2C576&amp;ssl=1 1024w, https:\/\/i2.wp.com\/kiwikerstin.musikundsprachen.de\/wp-content\/uploads\/2019\/03\/20190225_084916.jpg?w=1620&amp;ssl=1 1620w, https:\/\/i2.wp.com\/kiwikerstin.musikundsprachen.de\/wp-content\/uploads\/2019\/03\/20190225_084916.jpg?w=2430&amp;ssl=1 2430w\" sizes=\"(max-width: 583px) 100vw, 583px\" \/><figcaption>Englisch &#8211; Vortr\u00e4ge, <br>Simon ein dt. Sch\u00fcler begann \u00fcber seine Taubheit und  Taubheit im Allgemeinen einen Vortrag zu halten. Er kam im Juli letzten Jahres gemeinsam mit Clara ans Upper Hutt College. Er ist von Geburt an taub und lebt mit Ohrimplantaten. Es war ein sehr gelungener, ergreifender, beeindruckender Vortrag &#8211; er hat tolle Aufkl\u00e4rungsarbeit geleistet&#8230;<br> <\/figcaption><\/figure>\n\n\n\n<figure class=\"wp-block-image is-resized\"><img loading=\"lazy\" src=\"https:\/\/i2.wp.com\/kiwikerstin.musikundsprachen.de\/wp-content\/uploads\/2019\/03\/20190225_104626.jpg?fit=810%2C456&amp;ssl=1\" alt=\"\" class=\"wp-image-1336\" width=\"588\" height=\"330\" srcset=\"https:\/\/i0.wp.com\/kiwikerstin.musikundsprachen.de\/wp-content\/uploads\/2019\/03\/20190225_104626.jpg?w=4128&amp;ssl=1 4128w, https:\/\/i0.wp.com\/kiwikerstin.musikundsprachen.de\/wp-content\/uploads\/2019\/03\/20190225_104626.jpg?resize=300%2C169&amp;ssl=1 300w, https:\/\/i0.wp.com\/kiwikerstin.musikundsprachen.de\/wp-content\/uploads\/2019\/03\/20190225_104626.jpg?resize=768%2C432&amp;ssl=1 768w, https:\/\/i0.wp.com\/kiwikerstin.musikundsprachen.de\/wp-content\/uploads\/2019\/03\/20190225_104626.jpg?resize=1024%2C576&amp;ssl=1 1024w, https:\/\/i0.wp.com\/kiwikerstin.musikundsprachen.de\/wp-content\/uploads\/2019\/03\/20190225_104626.jpg?w=1620&amp;ssl=1 1620w, https:\/\/i0.wp.com\/kiwikerstin.musikundsprachen.de\/wp-content\/uploads\/2019\/03\/20190225_104626.jpg?w=2430&amp;ssl=1 2430w\" sizes=\"(max-width: 588px) 100vw, 588px\" \/><figcaption>Tanzunterricht, man nutzt auch drau\u00dfen die R\u00e4umlichkeiten, um eigene Choreographien zu \u00fcben. Abwechselnd d\u00fcrfen die Sch\u00fcler vor dem Spiegel \u00fcben. <\/figcaption><\/figure>\n\n\n\n<figure class=\"wp-block-image is-resized\"><img loading=\"lazy\" src=\"https:\/\/i2.wp.com\/kiwikerstin.musikundsprachen.de\/wp-content\/uploads\/2019\/03\/20190225_102641.jpg?fit=810%2C456&amp;ssl=1\" alt=\"\" class=\"wp-image-1334\" width=\"586\" height=\"330\" srcset=\"https:\/\/i2.wp.com\/kiwikerstin.musikundsprachen.de\/wp-content\/uploads\/2019\/03\/20190225_102641.jpg?w=4128&amp;ssl=1 4128w, https:\/\/i2.wp.com\/kiwikerstin.musikundsprachen.de\/wp-content\/uploads\/2019\/03\/20190225_102641.jpg?resize=300%2C169&amp;ssl=1 300w, https:\/\/i2.wp.com\/kiwikerstin.musikundsprachen.de\/wp-content\/uploads\/2019\/03\/20190225_102641.jpg?resize=768%2C432&amp;ssl=1 768w, https:\/\/i2.wp.com\/kiwikerstin.musikundsprachen.de\/wp-content\/uploads\/2019\/03\/20190225_102641.jpg?resize=1024%2C576&amp;ssl=1 1024w, https:\/\/i2.wp.com\/kiwikerstin.musikundsprachen.de\/wp-content\/uploads\/2019\/03\/20190225_102641.jpg?w=1620&amp;ssl=1 1620w, https:\/\/i2.wp.com\/kiwikerstin.musikundsprachen.de\/wp-content\/uploads\/2019\/03\/20190225_102641.jpg?w=2430&amp;ssl=1 2430w\" sizes=\"(max-width: 586px) 100vw, 586px\" \/><figcaption>Schauspielunterricht, hier \u00fcben die Sch\u00fcler das M\u00e4rchen &#8220;Rapunzel&#8221;<\/figcaption><\/figure>\n\n\n\n<figure class=\"wp-block-image is-resized\"><img loading=\"lazy\" src=\"https:\/\/i1.wp.com\/kiwikerstin.musikundsprachen.de\/wp-content\/uploads\/2019\/03\/20190225_120349.jpg?fit=810%2C456&amp;ssl=1\" alt=\"\" class=\"wp-image-1338\" width=\"587\" height=\"328\" srcset=\"https:\/\/i2.wp.com\/kiwikerstin.musikundsprachen.de\/wp-content\/uploads\/2019\/03\/20190225_120349.jpg?resize=300%2C169&amp;ssl=1 300w, https:\/\/i2.wp.com\/kiwikerstin.musikundsprachen.de\/wp-content\/uploads\/2019\/03\/20190225_120349.jpg?zoom=2&amp;resize=587%2C328&amp;ssl=1 1174w, https:\/\/i2.wp.com\/kiwikerstin.musikundsprachen.de\/wp-content\/uploads\/2019\/03\/20190225_120349.jpg?zoom=3&amp;resize=587%2C328&amp;ssl=1 1761w\" sizes=\"(max-width: 587px) 100vw, 587px\" \/><figcaption>klassischer Geschichtsunterricht, Thema griechische Vasen, die Sch\u00fcler recherchieren am Computer Kommentare dar\u00fcber, woher die Vase kommt, wie alt sie ist etc. <\/figcaption><\/figure>\n","protected":false},"excerpt":{"rendered":"<p>Am Montag hatte ich die M\u00f6glichkeit in einigen F\u00e4chern am Upper Hutt College einmal zu hospitieren. Aber erst noch ein<\/p>\n","protected":false},"author":1,"featured_media":1319,"comment_status":"open","ping_status":"open","sticky":false,"template":"","format":"standard","meta":{"spay_email":"","jetpack_publicize_message":"","jetpack_is_tweetstorm":false},"categories":[6,29,7,9,26],"tags":[27],"jetpack_featured_media_url":"https:\/\/i0.wp.com\/kiwikerstin.musikundsprachen.de\/wp-content\/uploads\/2019\/03\/20190222_133119.jpg?fit=4128%2C2322&ssl=1","jetpack_publicize_connections":[],"jetpack_sharing_enabled":true,"jetpack_shortlink":"https:\/\/wp.me\/paGcX1-lg","jetpack_likes_enabled":true,"amp_validity":null,"amp_enabled":true,"_links":{"self":[{"href":"https:\/\/kiwikerstin.musikundsprachen.de\/index.php?rest_route=\/wp\/v2\/posts\/1318"}],"collection":[{"href":"https:\/\/kiwikerstin.musikundsprachen.de\/index.php?rest_route=\/wp\/v2\/posts"}],"about":[{"href":"https:\/\/kiwikerstin.musikundsprachen.de\/index.php?rest_route=\/wp\/v2\/types\/post"}],"author":[{"embeddable":true,"href":"https:\/\/kiwikerstin.musikundsprachen.de\/index.php?rest_route=\/wp\/v2\/users\/1"}],"replies":[{"embeddable":true,"href":"https:\/\/kiwikerstin.musikundsprachen.de\/index.php?rest_route=%2Fwp%2Fv2%2Fcomments&post=1318"}],"version-history":[{"count":8,"href":"https:\/\/kiwikerstin.musikundsprachen.de\/index.php?rest_route=\/wp\/v2\/posts\/1318\/revisions"}],"predecessor-version":[{"id":1362,"href":"https:\/\/kiwikerstin.musikundsprachen.de\/index.php?rest_route=\/wp\/v2\/posts\/1318\/revisions\/1362"}],"wp:featuredmedia":[{"embeddable":true,"href":"https:\/\/kiwikerstin.musikundsprachen.de\/index.php?rest_route=\/wp\/v2\/media\/1319"}],"wp:attachment":[{"href":"https:\/\/kiwikerstin.musikundsprachen.de\/index.php?rest_route=%2Fwp%2Fv2%2Fmedia&parent=1318"}],"wp:term":[{"taxonomy":"category","embeddable":true,"href":"https:\/\/kiwikerstin.musikundsprachen.de\/index.php?rest_route=%2Fwp%2Fv2%2Fcategories&post=1318"},{"taxonomy":"post_tag","embeddable":true,"href":"https:\/\/kiwikerstin.musikundsprachen.de\/index.php?rest_route=%2Fwp%2Fv2%2Ftags&post=1318"}],"curies":[{"name":"wp","href":"https:\/\/api.w.org\/{rel}","templated":true}]}}