{"id":1003,"date":"2019-02-12T09:53:28","date_gmt":"2019-02-12T09:53:28","guid":{"rendered":"https:\/\/kiwikerstin.musikundsprachen.de\/?p=1003"},"modified":"2019-02-18T08:25:50","modified_gmt":"2019-02-18T08:25:50","slug":"besuch-aus-deutschland","status":"publish","type":"post","link":"https:\/\/kiwikerstin.musikundsprachen.de\/?p=1003","title":{"rendered":"Besuch aus Deutschland"},"content":{"rendered":"\n<p>Im Januar habe ich meine Tochter Clara in Neuseeland besucht. Sie war nun fast 7 Monate am anderen Ende der Welt und endlich konnten wir uns nun &#8220;offline&#8221; in die Arme nehmen. Ich begleitete im Januar f\u00fcr &#8220;Study Nelson Ltd&#8221; einen Gruppenflug f\u00fcr andere deutsche Sch\u00fcler, die auch ein Auslandsjahr in Neuseeland verbringen.<\/p>\n\n\n\n<p>Das komplette Interview von meiner Tochter k\u00f6nnt ihr&nbsp;<a href=\"https:\/\/claire.myscholz.biz\/wp-content\/uploads\/2019\/02\/WhatsApp-Image-2019-02-16-at-10.38.31.jpeg\" target=\"_blank\" rel=\"noreferrer noopener\"><strong>hier<\/strong><\/a>&nbsp;nachlesen, viel Spa\u00df <em>(S\u00e4chsische Zeitung, Hoyerswerdaer Tageblatt, 12. Februar 2019), <\/em>sowie auf <a href=\"https:\/\/hoyte24.de\/newsreader2\/besuch-aus-spohla.html\" target=\"_blank\" rel=\"noreferrer noopener\"><strong>hoyte24<\/strong><\/a><\/p>\n","protected":false},"excerpt":{"rendered":"<p>Im Januar habe ich meine Tochter Clara in Neuseeland besucht. Sie war nun fast 7 Monate am anderen Ende der<\/p>\n","protected":false},"author":1,"featured_media":1022,"comment_status":"open","ping_status":"open","sticky":false,"template":"","format":"standard","meta":{"spay_email":"","jetpack_publicize_message":"","jetpack_is_tweetstorm":false},"categories":[6,7],"tags":[27],"jetpack_featured_media_url":"https:\/\/i1.wp.com\/kiwikerstin.musikundsprachen.de\/wp-content\/uploads\/2019\/02\/DSC02149.jpg?fit=5456%2C3632&ssl=1","jetpack_publicize_connections":[],"jetpack_sharing_enabled":true,"jetpack_shortlink":"https:\/\/wp.me\/paGcX1-gb","jetpack_likes_enabled":true,"amp_validity":null,"amp_enabled":true,"_links":{"self":[{"href":"https:\/\/kiwikerstin.musikundsprachen.de\/index.php?rest_route=\/wp\/v2\/posts\/1003"}],"collection":[{"href":"https:\/\/kiwikerstin.musikundsprachen.de\/index.php?rest_route=\/wp\/v2\/posts"}],"about":[{"href":"https:\/\/kiwikerstin.musikundsprachen.de\/index.php?rest_route=\/wp\/v2\/types\/post"}],"author":[{"embeddable":true,"href":"https:\/\/kiwikerstin.musikundsprachen.de\/index.php?rest_route=\/wp\/v2\/users\/1"}],"replies":[{"embeddable":true,"href":"https:\/\/kiwikerstin.musikundsprachen.de\/index.php?rest_route=%2Fwp%2Fv2%2Fcomments&post=1003"}],"version-history":[{"count":4,"href":"https:\/\/kiwikerstin.musikundsprachen.de\/index.php?rest_route=\/wp\/v2\/posts\/1003\/revisions"}],"predecessor-version":[{"id":1018,"href":"https:\/\/kiwikerstin.musikundsprachen.de\/index.php?rest_route=\/wp\/v2\/posts\/1003\/revisions\/1018"}],"wp:featuredmedia":[{"embeddable":true,"href":"https:\/\/kiwikerstin.musikundsprachen.de\/index.php?rest_route=\/wp\/v2\/media\/1022"}],"wp:attachment":[{"href":"https:\/\/kiwikerstin.musikundsprachen.de\/index.php?rest_route=%2Fwp%2Fv2%2Fmedia&parent=1003"}],"wp:term":[{"taxonomy":"category","embeddable":true,"href":"https:\/\/kiwikerstin.musikundsprachen.de\/index.php?rest_route=%2Fwp%2Fv2%2Fcategories&post=1003"},{"taxonomy":"post_tag","embeddable":true,"href":"https:\/\/kiwikerstin.musikundsprachen.de\/index.php?rest_route=%2Fwp%2Fv2%2Ftags&post=1003"}],"curies":[{"name":"wp","href":"https:\/\/api.w.org\/{rel}","templated":true}]}}